{"status":"success","contentsList":"{\u002236\u0022:{\u0022name\u0022:\u0022Festiwal Piosenki Klasowej\u0022,\u0022shows\u0022:319},\u002235\u0022:{\u0022name\u0022:\u002225-lecie wsp\\u00f3\\u0142pracy szk\\u00f3\\u0142\u0022,\u0022shows\u0022:209}}","message":"\u003Cul class=\u0022contents-list\u0022\u003E\u003Cli class=\u0022contents-list-item\u0022\u003EFestiwal Piosenki Klasowej (\u003Cspan class=\u0022stats-count\u0022\u003E319\u003C\/span\u003E)\u003C\/li\u003E\u003Cli class=\u0022contents-list-item\u0022\u003E25-lecie wsp\u00f3\u0142pracy szk\u00f3\u0142 (\u003Cspan class=\u0022stats-count\u0022\u003E209\u003C\/span\u003E)\u003C\/li\u003E\u003C\/ul\u003E"}